{"id":4813,"date":"2022-04-23T10:30:31","date_gmt":"2022-04-23T09:30:31","guid":{"rendered":"https:\/\/labaule.gwalarn.bzh\/?p=4813"},"modified":"2022-06-10T16:50:35","modified_gmt":"2022-06-10T15:50:35","slug":"la-construction-de-notre-local-debute-enfin-courant-septembre-2020","status":"publish","type":"post","link":"https:\/\/cercleceltiquelabaule.bzh\/?p=4813","title":{"rendered":"Notre nouvelle salle a \u00e9t\u00e9 inaugur\u00e9e le samedi 21 mai 2022"},"content":{"rendered":"<p><img loading=\"lazy\" decoding=\"async\" class=\"alignnone size-medium wp-image-4993\" src=\"https:\/\/cercleceltiquelabaule.bzh\/wp-content\/uploads\/2022\/06\/2022-05-21-11-13-CM-579_DxO-225x300.jpg\" alt=\"\" width=\"225\" height=\"300\" srcset=\"https:\/\/cercleceltiquelabaule.bzh\/wp-content\/uploads\/2022\/06\/2022-05-21-11-13-CM-579_DxO-225x300.jpg 225w, https:\/\/cercleceltiquelabaule.bzh\/wp-content\/uploads\/2022\/06\/2022-05-21-11-13-CM-579_DxO.jpg 581w\" sizes=\"auto, (max-width: 225px) 100vw, 225px\" \/> <img loading=\"lazy\" decoding=\"async\" class=\"alignnone size-medium wp-image-4996\" src=\"https:\/\/cercleceltiquelabaule.bzh\/wp-content\/uploads\/2022\/06\/2022-05-21-13-36-CM-526-225x300.jpg\" alt=\"\" width=\"225\" height=\"300\" srcset=\"https:\/\/cercleceltiquelabaule.bzh\/wp-content\/uploads\/2022\/06\/2022-05-21-13-36-CM-526-225x300.jpg 225w, https:\/\/cercleceltiquelabaule.bzh\/wp-content\/uploads\/2022\/06\/2022-05-21-13-36-CM-526.jpg 647w\" sizes=\"auto, (max-width: 225px) 100vw, 225px\" \/> <img loading=\"lazy\" decoding=\"async\" class=\"alignnone size-medium wp-image-4995\" src=\"https:\/\/cercleceltiquelabaule.bzh\/wp-content\/uploads\/2022\/06\/2022-05-21-12-10-CM-879_DxO-300x225.jpg\" alt=\"\" width=\"300\" height=\"225\" srcset=\"https:\/\/cercleceltiquelabaule.bzh\/wp-content\/uploads\/2022\/06\/2022-05-21-12-10-CM-879_DxO-300x225.jpg 300w, https:\/\/cercleceltiquelabaule.bzh\/wp-content\/uploads\/2022\/06\/2022-05-21-12-10-CM-879_DxO-768x575.jpg 768w, https:\/\/cercleceltiquelabaule.bzh\/wp-content\/uploads\/2022\/06\/2022-05-21-12-10-CM-879_DxO.jpg 1036w\" sizes=\"auto, (max-width: 300px) 100vw, 300px\" \/><img loading=\"lazy\" decoding=\"async\" class=\"size-medium wp-image-4986 alignright\" src=\"https:\/\/cercleceltiquelabaule.bzh\/wp-content\/uploads\/2022\/04\/2022-04-12-16-37-009_DxO-mini-300x200.jpg\" alt=\"\" width=\"300\" height=\"200\" srcset=\"https:\/\/cercleceltiquelabaule.bzh\/wp-content\/uploads\/2022\/04\/2022-04-12-16-37-009_DxO-mini-300x200.jpg 300w, https:\/\/cercleceltiquelabaule.bzh\/wp-content\/uploads\/2022\/04\/2022-04-12-16-37-009_DxO-mini-1260x840.jpg 1260w, https:\/\/cercleceltiquelabaule.bzh\/wp-content\/uploads\/2022\/04\/2022-04-12-16-37-009_DxO-mini-768x512.jpg 768w, https:\/\/cercleceltiquelabaule.bzh\/wp-content\/uploads\/2022\/04\/2022-04-12-16-37-009_DxO-mini-1536x1024.jpg 1536w, https:\/\/cercleceltiquelabaule.bzh\/wp-content\/uploads\/2022\/04\/2022-04-12-16-37-009_DxO-mini.jpg 2000w\" sizes=\"auto, (max-width: 300px) 100vw, 300px\" \/> <img loading=\"lazy\" decoding=\"async\" class=\"size-medium wp-image-4983 alignright\" src=\"https:\/\/cercleceltiquelabaule.bzh\/wp-content\/uploads\/2022\/04\/2022-04-12-16-36-004_DxO-mini-300x200.jpg\" alt=\"\" width=\"300\" height=\"200\" srcset=\"https:\/\/cercleceltiquelabaule.bzh\/wp-content\/uploads\/2022\/04\/2022-04-12-16-36-004_DxO-mini-300x200.jpg 300w, https:\/\/cercleceltiquelabaule.bzh\/wp-content\/uploads\/2022\/04\/2022-04-12-16-36-004_DxO-mini-1260x840.jpg 1260w, https:\/\/cercleceltiquelabaule.bzh\/wp-content\/uploads\/2022\/04\/2022-04-12-16-36-004_DxO-mini-768x512.jpg 768w, https:\/\/cercleceltiquelabaule.bzh\/wp-content\/uploads\/2022\/04\/2022-04-12-16-36-004_DxO-mini-1536x1024.jpg 1536w, https:\/\/cercleceltiquelabaule.bzh\/wp-content\/uploads\/2022\/04\/2022-04-12-16-36-004_DxO-mini.jpg 2000w\" sizes=\"auto, (max-width: 300px) 100vw, 300px\" \/> Notre nouvelle salle est situ\u00e9e 1 avenue du Bois Robin.<\/p>\n<p>Elle est class\u00e9e ERP 4\u00e8me cat\u00e9gorie, la commission de s\u00e9curit\u00e9&nbsp; nous a autoris\u00e9 l&rsquo;ouverture \u00e0 partir du 06\/12\/2021<\/p>\n<p>Cours de danses tous les mardis \u00e0 18h30<\/p>\n<p>Cours \u00e0 th\u00e8mes les vendredis<\/p>\n<p>Infos danses Dani\u00e8le : 0602258230<\/p>\n<p><img loading=\"lazy\" decoding=\"async\" class=\"size-medium wp-image-4947 alignright\" src=\"https:\/\/cercleceltiquelabaule.bzh\/wp-content\/uploads\/2021\/10\/copie-0_20211021_173454-300x225.jpg\" alt=\"\" width=\"300\" height=\"225\" srcset=\"https:\/\/cercleceltiquelabaule.bzh\/wp-content\/uploads\/2021\/10\/copie-0_20211021_173454-300x225.jpg 300w, https:\/\/cercleceltiquelabaule.bzh\/wp-content\/uploads\/2021\/10\/copie-0_20211021_173454-1260x944.jpg 1260w, https:\/\/cercleceltiquelabaule.bzh\/wp-content\/uploads\/2021\/10\/copie-0_20211021_173454-768x576.jpg 768w, https:\/\/cercleceltiquelabaule.bzh\/wp-content\/uploads\/2021\/10\/copie-0_20211021_173454-1536x1151.jpg 1536w, https:\/\/cercleceltiquelabaule.bzh\/wp-content\/uploads\/2021\/10\/copie-0_20211021_173454.jpg 1601w\" sizes=\"auto, (max-width: 300px) 100vw, 300px\" \/><img loading=\"lazy\" decoding=\"async\" class=\"size-medium wp-image-4948 alignright\" src=\"https:\/\/cercleceltiquelabaule.bzh\/wp-content\/uploads\/2021\/10\/copie-0_20211022_224545-300x225.jpg\" alt=\"\" width=\"300\" height=\"225\" srcset=\"https:\/\/cercleceltiquelabaule.bzh\/wp-content\/uploads\/2021\/10\/copie-0_20211022_224545-300x225.jpg 300w, https:\/\/cercleceltiquelabaule.bzh\/wp-content\/uploads\/2021\/10\/copie-0_20211022_224545-1260x944.jpg 1260w, https:\/\/cercleceltiquelabaule.bzh\/wp-content\/uploads\/2021\/10\/copie-0_20211022_224545-768x576.jpg 768w, https:\/\/cercleceltiquelabaule.bzh\/wp-content\/uploads\/2021\/10\/copie-0_20211022_224545-1536x1151.jpg 1536w, https:\/\/cercleceltiquelabaule.bzh\/wp-content\/uploads\/2021\/10\/copie-0_20211022_224545.jpg 1601w\" sizes=\"auto, (max-width: 300px) 100vw, 300px\" \/><\/p>\n<p align=\"left\">&nbsp;<\/p>\n","protected":false},"excerpt":{"rendered":"<p>Notre nouvelle salle est situ\u00e9e 1 avenue du Bois Robin. Elle est class\u00e9e ERP 4\u00e8me cat\u00e9gorie, la commission de s\u00e9curit\u00e9&nbsp; nous a autoris\u00e9 l&rsquo;ouverture \u00e0 partir du 06\/12\/2021 Cours de danses tous les mardis \u00e0 18h30 Cours \u00e0 th\u00e8mes les vendredis Infos danses Dani\u00e8le : 0602258230 &nbsp;<\/p>\n","protected":false},"author":1,"featured_media":0,"comment_status":"open","ping_status":"open","sticky":false,"template":"","format":"standard","meta":{"ngg_post_thumbnail":0,"footnotes":""},"categories":[100],"tags":[],"class_list":["post-4813","post","type-post","status-publish","format-standard","hentry","category-informations"],"_links":{"self":[{"href":"https:\/\/cercleceltiquelabaule.bzh\/index.php?rest_route=\/wp\/v2\/posts\/4813","targetHints":{"allow":["GET"]}}],"collection":[{"href":"https:\/\/cercleceltiquelabaule.bzh\/index.php?rest_route=\/wp\/v2\/posts"}],"about":[{"href":"https:\/\/cercleceltiquelabaule.bzh\/index.php?rest_route=\/wp\/v2\/types\/post"}],"author":[{"embeddable":true,"href":"https:\/\/cercleceltiquelabaule.bzh\/index.php?rest_route=\/wp\/v2\/users\/1"}],"replies":[{"embeddable":true,"href":"https:\/\/cercleceltiquelabaule.bzh\/index.php?rest_route=%2Fwp%2Fv2%2Fcomments&post=4813"}],"version-history":[{"count":40,"href":"https:\/\/cercleceltiquelabaule.bzh\/index.php?rest_route=\/wp\/v2\/posts\/4813\/revisions"}],"predecessor-version":[{"id":4999,"href":"https:\/\/cercleceltiquelabaule.bzh\/index.php?rest_route=\/wp\/v2\/posts\/4813\/revisions\/4999"}],"wp:attachment":[{"href":"https:\/\/cercleceltiquelabaule.bzh\/index.php?rest_route=%2Fwp%2Fv2%2Fmedia&parent=4813"}],"wp:term":[{"taxonomy":"category","embeddable":true,"href":"https:\/\/cercleceltiquelabaule.bzh\/index.php?rest_route=%2Fwp%2Fv2%2Fcategories&post=4813"},{"taxonomy":"post_tag","embeddable":true,"href":"https:\/\/cercleceltiquelabaule.bzh\/index.php?rest_route=%2Fwp%2Fv2%2Ftags&post=4813"}],"curies":[{"name":"wp","href":"https:\/\/api.w.org\/{rel}","templated":true}]}}