{"id":5016,"date":"2022-07-27T19:44:10","date_gmt":"2022-07-27T18:44:10","guid":{"rendered":"https:\/\/cercleceltiquelabaule.bzh\/?p=5016"},"modified":"2022-07-27T19:44:10","modified_gmt":"2022-07-27T18:44:10","slug":"notre-cercle-a-participe-a-la-fete-bretonne-du-pouliguen-le-23-juillet","status":"publish","type":"post","link":"https:\/\/cercleceltiquelabaule.bzh\/?p=5016","title":{"rendered":"Notre Cercle a particip\u00e9 \u00e0 la F\u00eate Bretonne du Pouliguen le 23 juillet"},"content":{"rendered":"<p><img loading=\"lazy\" decoding=\"async\" class=\"alignnone size-medium wp-image-5015\" src=\"https:\/\/cercleceltiquelabaule.bzh\/wp-content\/uploads\/2022\/07\/2022-07-23-15-06-255_DxO-mini-300x200.jpg\" alt=\"\" width=\"300\" height=\"200\" srcset=\"https:\/\/cercleceltiquelabaule.bzh\/wp-content\/uploads\/2022\/07\/2022-07-23-15-06-255_DxO-mini-300x200.jpg 300w, https:\/\/cercleceltiquelabaule.bzh\/wp-content\/uploads\/2022\/07\/2022-07-23-15-06-255_DxO-mini-1260x840.jpg 1260w, https:\/\/cercleceltiquelabaule.bzh\/wp-content\/uploads\/2022\/07\/2022-07-23-15-06-255_DxO-mini-768x512.jpg 768w, https:\/\/cercleceltiquelabaule.bzh\/wp-content\/uploads\/2022\/07\/2022-07-23-15-06-255_DxO-mini-1536x1024.jpg 1536w, https:\/\/cercleceltiquelabaule.bzh\/wp-content\/uploads\/2022\/07\/2022-07-23-15-06-255_DxO-mini-2048x1365.jpg 2048w\" sizes=\"auto, (max-width: 300px) 100vw, 300px\" \/><\/p>\n","protected":false},"excerpt":{"rendered":"","protected":false},"author":1,"featured_media":0,"comment_status":"open","ping_status":"open","sticky":false,"template":"","format":"standard","meta":{"ngg_post_thumbnail":0,"footnotes":""},"categories":[1],"tags":[],"class_list":["post-5016","post","type-post","status-publish","format-standard","hentry","category-danses"],"_links":{"self":[{"href":"https:\/\/cercleceltiquelabaule.bzh\/index.php?rest_route=\/wp\/v2\/posts\/5016","targetHints":{"allow":["GET"]}}],"collection":[{"href":"https:\/\/cercleceltiquelabaule.bzh\/index.php?rest_route=\/wp\/v2\/posts"}],"about":[{"href":"https:\/\/cercleceltiquelabaule.bzh\/index.php?rest_route=\/wp\/v2\/types\/post"}],"author":[{"embeddable":true,"href":"https:\/\/cercleceltiquelabaule.bzh\/index.php?rest_route=\/wp\/v2\/users\/1"}],"replies":[{"embeddable":true,"href":"https:\/\/cercleceltiquelabaule.bzh\/index.php?rest_route=%2Fwp%2Fv2%2Fcomments&post=5016"}],"version-history":[{"count":1,"href":"https:\/\/cercleceltiquelabaule.bzh\/index.php?rest_route=\/wp\/v2\/posts\/5016\/revisions"}],"predecessor-version":[{"id":5017,"href":"https:\/\/cercleceltiquelabaule.bzh\/index.php?rest_route=\/wp\/v2\/posts\/5016\/revisions\/5017"}],"wp:attachment":[{"href":"https:\/\/cercleceltiquelabaule.bzh\/index.php?rest_route=%2Fwp%2Fv2%2Fmedia&parent=5016"}],"wp:term":[{"taxonomy":"category","embeddable":true,"href":"https:\/\/cercleceltiquelabaule.bzh\/index.php?rest_route=%2Fwp%2Fv2%2Fcategories&post=5016"},{"taxonomy":"post_tag","embeddable":true,"href":"https:\/\/cercleceltiquelabaule.bzh\/index.php?rest_route=%2Fwp%2Fv2%2Ftags&post=5016"}],"curies":[{"name":"wp","href":"https:\/\/api.w.org\/{rel}","templated":true}]}}