{"id":5026,"date":"2022-11-24T17:08:43","date_gmt":"2022-11-24T16:08:43","guid":{"rendered":"https:\/\/cercleceltiquelabaule.bzh\/?p=5026"},"modified":"2022-11-24T17:10:30","modified_gmt":"2022-11-24T16:10:30","slug":"assemblee-generale-ordinaire-le-samedi-10-decembre-1-avenue-du-bois-robin-la-baule-escoublac","status":"publish","type":"post","link":"https:\/\/cercleceltiquelabaule.bzh\/?p=5026","title":{"rendered":"Assembl\u00e9e G\u00e9n\u00e9rale Ordinaire le samedi 10 d\u00e9cembre 1 avenue du Bois Robin La Baule-Escoublac"},"content":{"rendered":"<p>Cher(e) adh\u00e9rent(e),<\/p>\n<p>Conform\u00e9ment au statut, je vous invite \u00e0 participer \u00e0 l\u2019assembl\u00e9e g\u00e9n\u00e9rale de notre association Cercle Celtique AR VRO WENN WAR RAOK, qui se d\u00e9roulera, en nos locaux&nbsp;: 1 avenue du Bois Robin 44500 LA BAULE le Samedi 10 d\u00e9cembre 2022 \u00e0 10 heures. Accueil \u00e0 9h 45.<\/p>\n<p>A l\u2019ordre du jour&nbsp;:<\/p>\n<p>Rapport moral<br \/>\nRapport d\u2019activit\u00e9<br \/>\nRapport financier<br \/>\nProjets<br \/>\nQuestions diverses<br \/>\n\u00c9lection des membres du Conseil d\u2019Administration<br \/>\nNous terminerons par le verre de l\u2019amiti\u00e9.Nous aimerions continuer cette journ\u00e9e par un repas en commun (ce sera simple \u00e0 d\u00e9finir merci de nous faire savoir si int\u00e9ress\u00e9 et votre suggestion pour le repas\u2026)<\/p>\n<p>Nous terminerons par des danses\u2026<\/p>\n<p>Seules les personnes \u00e0 jour de leur cotisation 2021 ou 2022 pourront participer aux votes.<\/p>\n<p>Du fait de la vacance de postes au sein du Conseil d\u2019Administration, vous pouvez adresser votre candidature, \u00e0 condition d\u2019avoir 6 mois d\u2019anciennet\u00e9, par tout moyen \u00e0 votre convenance, vous pourrez vous pr\u00e9senter le jour m\u00eame.<\/p>\n<p>Nous esp\u00e9rons tr\u00e8s vivement votre pr\u00e9sence \u00e0 cette Assembl\u00e9e G\u00e9n\u00e9rale., instance essentielle pour notre association, quant aux d\u00e9cisions et orientations prises pour l\u2019ann\u00e9e \u00e0 venir&nbsp;<\/p>\n<p>Avec le CA actuel, agr\u00e9er, Cher(e) adh\u00e9rent(e), nos cordiales salutations.<\/p>\n<p>Jeannick Gauthier<\/p>\n<p>Pr\u00e9sident<\/p>\n","protected":false},"excerpt":{"rendered":"<p>Cher(e) adh\u00e9rent(e), Conform\u00e9ment au statut, je vous invite \u00e0 participer \u00e0 l\u2019assembl\u00e9e g\u00e9n\u00e9rale de notre association Cercle Celtique AR VRO WENN WAR RAOK, qui se d\u00e9roulera, en nos locaux&nbsp;: 1 avenue du Bois Robin 44500 LA BAULE le Samedi 10 d\u00e9cembre 2022 \u00e0 10 heures. Accueil \u00e0 9h 45. A l\u2019ordre du jour&nbsp;: Rapport moral &hellip; <a href=\"https:\/\/cercleceltiquelabaule.bzh\/?p=5026\" class=\"more-link\">Continuer la lecture de <span class=\"screen-reader-text\">Assembl\u00e9e G\u00e9n\u00e9rale Ordinaire le samedi 10 d\u00e9cembre 1 avenue du Bois Robin La Baule-Escoublac<\/span>  <span class=\"meta-nav\">&rarr;<\/span><\/a><\/p>\n","protected":false},"author":1,"featured_media":0,"comment_status":"open","ping_status":"open","sticky":false,"template":"","format":"standard","meta":{"ngg_post_thumbnail":0,"footnotes":""},"categories":[100],"tags":[],"class_list":["post-5026","post","type-post","status-publish","format-standard","hentry","category-informations"],"_links":{"self":[{"href":"https:\/\/cercleceltiquelabaule.bzh\/index.php?rest_route=\/wp\/v2\/posts\/5026","targetHints":{"allow":["GET"]}}],"collection":[{"href":"https:\/\/cercleceltiquelabaule.bzh\/index.php?rest_route=\/wp\/v2\/posts"}],"about":[{"href":"https:\/\/cercleceltiquelabaule.bzh\/index.php?rest_route=\/wp\/v2\/types\/post"}],"author":[{"embeddable":true,"href":"https:\/\/cercleceltiquelabaule.bzh\/index.php?rest_route=\/wp\/v2\/users\/1"}],"replies":[{"embeddable":true,"href":"https:\/\/cercleceltiquelabaule.bzh\/index.php?rest_route=%2Fwp%2Fv2%2Fcomments&post=5026"}],"version-history":[{"count":1,"href":"https:\/\/cercleceltiquelabaule.bzh\/index.php?rest_route=\/wp\/v2\/posts\/5026\/revisions"}],"predecessor-version":[{"id":5027,"href":"https:\/\/cercleceltiquelabaule.bzh\/index.php?rest_route=\/wp\/v2\/posts\/5026\/revisions\/5027"}],"wp:attachment":[{"href":"https:\/\/cercleceltiquelabaule.bzh\/index.php?rest_route=%2Fwp%2Fv2%2Fmedia&parent=5026"}],"wp:term":[{"taxonomy":"category","embeddable":true,"href":"https:\/\/cercleceltiquelabaule.bzh\/index.php?rest_route=%2Fwp%2Fv2%2Fcategories&post=5026"},{"taxonomy":"post_tag","embeddable":true,"href":"https:\/\/cercleceltiquelabaule.bzh\/index.php?rest_route=%2Fwp%2Fv2%2Ftags&post=5026"}],"curies":[{"name":"wp","href":"https:\/\/api.w.org\/{rel}","templated":true}]}}