{"id":5041,"date":"2023-02-16T18:20:00","date_gmt":"2023-02-16T17:20:00","guid":{"rendered":"https:\/\/cercleceltiquelabaule.bzh\/?p=5041"},"modified":"2023-08-30T08:00:49","modified_gmt":"2023-08-30T07:00:49","slug":"stage-de-danses-du-leon-le-samedi-1er-avril-kejadenn-avec-la-confederation-kenleur","status":"publish","type":"post","link":"https:\/\/cercleceltiquelabaule.bzh\/?p=5041","title":{"rendered":"Stage de danses du LEON le samedi 1er avril Kejadenn en partenariat avec la conf\u00e9d\u00e9ration Kenleur."},"content":{"rendered":"<p><img loading=\"lazy\" decoding=\"async\" class=\"alignnone size-medium wp-image-5040\" src=\"https:\/\/cercleceltiquelabaule.bzh\/wp-content\/uploads\/2023\/02\/Kejadenn-LaBaule-212x300.jpg\" alt=\"\" width=\"212\" height=\"300\" srcset=\"https:\/\/cercleceltiquelabaule.bzh\/wp-content\/uploads\/2023\/02\/Kejadenn-LaBaule-212x300.jpg 212w, https:\/\/cercleceltiquelabaule.bzh\/wp-content\/uploads\/2023\/02\/Kejadenn-LaBaule-725x1024.jpg 725w, https:\/\/cercleceltiquelabaule.bzh\/wp-content\/uploads\/2023\/02\/Kejadenn-LaBaule-768x1085.jpg 768w, https:\/\/cercleceltiquelabaule.bzh\/wp-content\/uploads\/2023\/02\/Kejadenn-LaBaule-1087x1536.jpg 1087w, https:\/\/cercleceltiquelabaule.bzh\/wp-content\/uploads\/2023\/02\/Kejadenn-LaBaule.jpg 1123w\" sizes=\"auto, (max-width: 212px) 100vw, 212px\" \/><img loading=\"lazy\" decoding=\"async\" class=\"alignnone size-medium wp-image-5124\" src=\"https:\/\/cercleceltiquelabaule.bzh\/wp-content\/uploads\/2023\/08\/2023-04-01-15-43-013_DxO-mini-300x200.jpg\" alt=\"\" width=\"300\" height=\"200\" srcset=\"https:\/\/cercleceltiquelabaule.bzh\/wp-content\/uploads\/2023\/08\/2023-04-01-15-43-013_DxO-mini-300x200.jpg 300w, https:\/\/cercleceltiquelabaule.bzh\/wp-content\/uploads\/2023\/08\/2023-04-01-15-43-013_DxO-mini-1260x840.jpg 1260w, https:\/\/cercleceltiquelabaule.bzh\/wp-content\/uploads\/2023\/08\/2023-04-01-15-43-013_DxO-mini-768x512.jpg 768w, https:\/\/cercleceltiquelabaule.bzh\/wp-content\/uploads\/2023\/08\/2023-04-01-15-43-013_DxO-mini-1536x1024.jpg 1536w, https:\/\/cercleceltiquelabaule.bzh\/wp-content\/uploads\/2023\/08\/2023-04-01-15-43-013_DxO-mini-2048x1365.jpg 2048w\" sizes=\"auto, (max-width: 300px) 100vw, 300px\" \/><\/p>\n<p>56 participants, les commentaires :<\/p>\n<ol>\n<li>Je suis ressortie de ce stage enchant\u00e9e<\/li>\n<li>Ce stage a \u00e9t\u00e9 un vrai r\u00e9gal<\/li>\n<li>Animateur Ronan exceptionnel<\/li>\n<li>Un apr\u00e8s-midi de r\u00eave<\/li>\n<li>Organisation au top&#8230;<\/li>\n<\/ol>\n","protected":false},"excerpt":{"rendered":"<p>56 participants, les commentaires : Je suis ressortie de ce stage enchant\u00e9e Ce stage a \u00e9t\u00e9 un vrai r\u00e9gal Animateur Ronan exceptionnel Un apr\u00e8s-midi de r\u00eave Organisation au top&#8230;<\/p>\n","protected":false},"author":1,"featured_media":0,"comment_status":"open","ping_status":"open","sticky":false,"template":"","format":"standard","meta":{"ngg_post_thumbnail":0,"footnotes":""},"categories":[1],"tags":[],"class_list":["post-5041","post","type-post","status-publish","format-standard","hentry","category-danses"],"_links":{"self":[{"href":"https:\/\/cercleceltiquelabaule.bzh\/index.php?rest_route=\/wp\/v2\/posts\/5041","targetHints":{"allow":["GET"]}}],"collection":[{"href":"https:\/\/cercleceltiquelabaule.bzh\/index.php?rest_route=\/wp\/v2\/posts"}],"about":[{"href":"https:\/\/cercleceltiquelabaule.bzh\/index.php?rest_route=\/wp\/v2\/types\/post"}],"author":[{"embeddable":true,"href":"https:\/\/cercleceltiquelabaule.bzh\/index.php?rest_route=\/wp\/v2\/users\/1"}],"replies":[{"embeddable":true,"href":"https:\/\/cercleceltiquelabaule.bzh\/index.php?rest_route=%2Fwp%2Fv2%2Fcomments&post=5041"}],"version-history":[{"count":9,"href":"https:\/\/cercleceltiquelabaule.bzh\/index.php?rest_route=\/wp\/v2\/posts\/5041\/revisions"}],"predecessor-version":[{"id":5125,"href":"https:\/\/cercleceltiquelabaule.bzh\/index.php?rest_route=\/wp\/v2\/posts\/5041\/revisions\/5125"}],"wp:attachment":[{"href":"https:\/\/cercleceltiquelabaule.bzh\/index.php?rest_route=%2Fwp%2Fv2%2Fmedia&parent=5041"}],"wp:term":[{"taxonomy":"category","embeddable":true,"href":"https:\/\/cercleceltiquelabaule.bzh\/index.php?rest_route=%2Fwp%2Fv2%2Fcategories&post=5041"},{"taxonomy":"post_tag","embeddable":true,"href":"https:\/\/cercleceltiquelabaule.bzh\/index.php?rest_route=%2Fwp%2Fv2%2Ftags&post=5041"}],"curies":[{"name":"wp","href":"https:\/\/api.w.org\/{rel}","templated":true}]}}