{"id":5267,"date":"2025-08-27T19:48:21","date_gmt":"2025-08-27T18:48:21","guid":{"rendered":"https:\/\/cercleceltiquelabaule.bzh\/?p=5267"},"modified":"2025-08-27T19:48:21","modified_gmt":"2025-08-27T18:48:21","slug":"reprise-des-cours-de-danse","status":"publish","type":"post","link":"https:\/\/cercleceltiquelabaule.bzh\/?p=5267","title":{"rendered":"Reprise des cours de danse"},"content":{"rendered":"<p><strong>Reprise des cours&nbsp; :<\/strong><\/p>\n<p>&#8211; le mardi 09 Septembre :<\/p>\n<p>&nbsp; &nbsp; &nbsp; &nbsp;cours Premiers pas&nbsp;\u00e0 17H30 avec Jo\u00ebl&nbsp;<\/p>\n<p>&nbsp; &nbsp; &nbsp; &nbsp;cours \u00e0 18H30 avec Dani\u00e8le<\/p>\n<p>&#8211; le vendredi 12 Septembre :<\/p>\n<p>&nbsp; &nbsp; &nbsp; cours de perfectionnement \u00e0 20H15 avec Dani\u00e8le&nbsp;<\/p>\n","protected":false},"excerpt":{"rendered":"<p>Reprise des cours&nbsp; : &#8211; le mardi 09 Septembre : &nbsp; &nbsp; &nbsp; &nbsp;cours Premiers pas&nbsp;\u00e0 17H30 avec Jo\u00ebl&nbsp; &nbsp; &nbsp; &nbsp; &nbsp;cours \u00e0 18H30 avec Dani\u00e8le &#8211; le vendredi 12 Septembre : &nbsp; &nbsp; &nbsp; cours de perfectionnement \u00e0 20H15 avec Dani\u00e8le&nbsp;<\/p>\n","protected":false},"author":1,"featured_media":0,"comment_status":"open","ping_status":"open","sticky":false,"template":"","format":"standard","meta":{"ngg_post_thumbnail":0,"footnotes":""},"categories":[1],"tags":[],"class_list":["post-5267","post","type-post","status-publish","format-standard","hentry","category-danses"],"_links":{"self":[{"href":"https:\/\/cercleceltiquelabaule.bzh\/index.php?rest_route=\/wp\/v2\/posts\/5267","targetHints":{"allow":["GET"]}}],"collection":[{"href":"https:\/\/cercleceltiquelabaule.bzh\/index.php?rest_route=\/wp\/v2\/posts"}],"about":[{"href":"https:\/\/cercleceltiquelabaule.bzh\/index.php?rest_route=\/wp\/v2\/types\/post"}],"author":[{"embeddable":true,"href":"https:\/\/cercleceltiquelabaule.bzh\/index.php?rest_route=\/wp\/v2\/users\/1"}],"replies":[{"embeddable":true,"href":"https:\/\/cercleceltiquelabaule.bzh\/index.php?rest_route=%2Fwp%2Fv2%2Fcomments&post=5267"}],"version-history":[{"count":1,"href":"https:\/\/cercleceltiquelabaule.bzh\/index.php?rest_route=\/wp\/v2\/posts\/5267\/revisions"}],"predecessor-version":[{"id":5269,"href":"https:\/\/cercleceltiquelabaule.bzh\/index.php?rest_route=\/wp\/v2\/posts\/5267\/revisions\/5269"}],"wp:attachment":[{"href":"https:\/\/cercleceltiquelabaule.bzh\/index.php?rest_route=%2Fwp%2Fv2%2Fmedia&parent=5267"}],"wp:term":[{"taxonomy":"category","embeddable":true,"href":"https:\/\/cercleceltiquelabaule.bzh\/index.php?rest_route=%2Fwp%2Fv2%2Fcategories&post=5267"},{"taxonomy":"post_tag","embeddable":true,"href":"https:\/\/cercleceltiquelabaule.bzh\/index.php?rest_route=%2Fwp%2Fv2%2Ftags&post=5267"}],"curies":[{"name":"wp","href":"https:\/\/api.w.org\/{rel}","templated":true}]}}